{"id":4488,"date":"2017-11-30T16:49:02","date_gmt":"2017-11-30T16:49:02","guid":{"rendered":"http:\/\/www.ciencianews.com.br\/?p=4488"},"modified":"2017-11-30T16:50:25","modified_gmt":"2017-11-30T16:50:25","slug":"blog-cientifico-31112017","status":"publish","type":"post","link":"https:\/\/www.ciencianews.com.br\/index.php\/blog-cientifico-31112017\/","title":{"rendered":"Blog Cient\u00edfico &#8211; 30\/11\/2017"},"content":{"rendered":"<div style=\"text-align: center;font-size: 20px;font-weight: bold;\">\nEOSINOFILIA DE CAUSA AMBIENTAL\n<\/div>\n<div style=\"text-align: center;font-size: 17px;font-weight: bold;\">\nPaulo Cesar Naoum, biom\u00e9dico, professor titular pela Unesp e diretor da Academia de Ci\u00eancia  Tecnologia de S\u00e3o Jos\u00e9 do Rio Preto, SP\n<\/div>\n<p>&nbsp;<\/p>\n<div style=\"text-align: justify;font-size: 13px;\">\nEosinofilia \u00e9 uma indica\u00e7\u00e3o citol\u00f3gica que se refere  ao aumento num\u00e9rico da quantidade de eosin\u00f3filos no sangue. Essa situa\u00e7\u00e3o geralmente ocorre como rea\u00e7\u00e3o natural do organismo  frente a algumas  patologias espec\u00edficas, por exemplo, parasitoses intestinais, alergias em geral, etc. Ocorre, tamb\u00e9m, por heran\u00e7a familiar em que v\u00e1rios membros de uma mesma fam\u00edlia tem o aumento destas c\u00e9lulas no sangue, por\u00e9m sem consequ\u00eancias aos  portadores. Em neoplasias hematol\u00f3gicas, notadamente a leucemia miel\u00f3de cr\u00f4nica, a eosinofilia geralmente tem eleva\u00e7\u00f5es num\u00e9ricas expressivas em valores absolutos. H\u00e1 tamb\u00e9m a s\u00edndrome hipereosinof\u00edlica em que os eosin\u00f3filos podem representar entre 30 a 50% do total de leuc\u00f3citos e, por isso, desencadear rea\u00e7\u00f5es patol\u00f3gicas teciduais por conta da libera\u00e7\u00e3o dos seus gr\u00e2nulos celulares.  Entretanto, n\u00e3o me lembro de ter lido em nenhum dos livros de hematologia  que consultei em minha vida profissional o tema deste artigo, a eosinofilia ambiental. \u00c9 muito poss\u00edvel  que este tipo de eosinofilia possa ter sido detectada por colegas profissionais de bancada, qual seja, aqueles que analisam diariamente dezenas a centenas de sangue. De qualquer forma, pela sua import\u00e2ncia, passo a relatar o que se segue. Por volta dos anos 90, quando  era propriet\u00e1rio de tr\u00eas pequenos laborat\u00f3rios em cidadezinhas da regi\u00e3o de Rio Preto, em um deles  os exames hematol\u00f3gicos insistiam em apontar  eosinofilias em cerca de 70% das amostras de sangue submetidas \u00e0s an\u00e1lises de rotina. Eram comuns valores relativos de eosin\u00f3filos variarem entre 5 e 25%, ou seja, estavam elevados frente aos valores padr\u00f5es normais de  2 a 4% do total de leuc\u00f3citos do sangue. Por um ano estas eosinofilias me desafiaram intrigantemente. Inicialmente imaginei que as mesmas fossem de origem familiar, pois membros de uma mesma fam\u00edlia tamb\u00e9m as tinham. Mas, esta possibilidade foi afastada devido \u00e0 alta preval\u00eancia de eosinofilia na popula\u00e7\u00e3o que se submetia \u00e0s an\u00e1lises peri\u00f3dicas de sangue . Exames parasit\u00e1rios de fezes foram negativos em 4\/5 das pessoas que tinham eosinofilias, portanto,  a eosinofilia n\u00e3o era por infesta\u00e7\u00e3o parasit\u00e1ria intestinal. Este enigma perdurou  at\u00e9 o dia em que ao percorrer um caminho vi\u00e1rio diferente ao que estava acostumado, passei ao lado de uma represa que fornecia \u00e1gua para o abastecimento da cidade. Esta represa tinha uma ampla margem em que centenas de bois e vacas usavam para beberem \u00e1gua e se banharem. Mas ao parar meu autom\u00f3vel para apreciar a cena, pois sabia da import\u00e2ncia da represa para a cidade, observei que bois e vacas tamb\u00e9m urinavam na \u00e1gua, e para completar a cena  havia muito esterco bovino ao longo das margens da represa. Este fato mostrou que certamente  causa da eosinofilia poderia ser por \u00e1gua contaminada, pois mesmo sendo tratada para consumo pela forma de decanta\u00e7\u00e3o, os microrganismos fecais de origem bovina flutuavam na \u00e1gua consumida. H\u00e1 cinco anos a prefeitura passou a tratar a \u00e1gua com filtros e produtos qu\u00edmicos, e a eosinofilia nas amostras analisadas passou a ser similar \u00e0 maioria do que se verifica em laborat\u00f3rios de outras cidades. Dessa maneira foi poss\u00edvel acrescentar \u00e0s causas de eosinofilias aquela de origem da \u00e1gua contaminada, que passou a ser qualificada por eosinofilia ambiental.\n<\/div>\n","protected":false},"excerpt":{"rendered":"<p>EOSINOFILIA DE CAUSA AMBIENTAL Paulo Cesar Naoum, biom\u00e9dico, professor titular pela Unesp e diretor da Academia de Ci\u00eancia Tecnologia de S\u00e3o Jos\u00e9 do Rio Preto, SP &nbsp; Eosinofilia \u00e9 uma indica\u00e7\u00e3o citol\u00f3gica que se refere ao aumento num\u00e9rico da quantidade [&hellip;]<\/p>\n","protected":false},"author":1,"featured_media":0,"comment_status":"open","ping_status":"closed","sticky":false,"template":"","format":"aside","meta":{"_uag_custom_page_level_css":"","_joinchat":[],"footnotes":""},"categories":[1],"tags":[],"class_list":["post-4488","post","type-post","status-publish","format-aside","hentry","category-sem-categoria","post_format-post-format-aside"],"uagb_featured_image_src":{"full":false,"thumbnail":false,"medium":false,"medium_large":false,"large":false,"1536x1536":false,"2048x2048":false,"post-thumbnail":false,"business-hub-blog":false,"business-hub-work":false},"uagb_author_info":{"display_name":"real","author_link":"https:\/\/www.ciencianews.com.br\/index.php\/author\/real\/"},"uagb_comment_info":15,"uagb_excerpt":"EOSINOFILIA DE CAUSA AMBIENTAL Paulo Cesar Naoum, biom\u00e9dico, professor titular pela Unesp e diretor da Academia de Ci\u00eancia Tecnologia de S\u00e3o Jos\u00e9 do Rio Preto, SP &nbsp; Eosinofilia \u00e9 uma indica\u00e7\u00e3o citol\u00f3gica que se refere ao aumento num\u00e9rico da quantidade [&hellip;]","_links":{"self":[{"href":"https:\/\/www.ciencianews.com.br\/index.php\/wp-json\/wp\/v2\/posts\/4488","targetHints":{"allow":["GET"]}}],"collection":[{"href":"https:\/\/www.ciencianews.com.br\/index.php\/wp-json\/wp\/v2\/posts"}],"about":[{"href":"https:\/\/www.ciencianews.com.br\/index.php\/wp-json\/wp\/v2\/types\/post"}],"author":[{"embeddable":true,"href":"https:\/\/www.ciencianews.com.br\/index.php\/wp-json\/wp\/v2\/users\/1"}],"replies":[{"embeddable":true,"href":"https:\/\/www.ciencianews.com.br\/index.php\/wp-json\/wp\/v2\/comments?post=4488"}],"version-history":[{"count":2,"href":"https:\/\/www.ciencianews.com.br\/index.php\/wp-json\/wp\/v2\/posts\/4488\/revisions"}],"predecessor-version":[{"id":4491,"href":"https:\/\/www.ciencianews.com.br\/index.php\/wp-json\/wp\/v2\/posts\/4488\/revisions\/4491"}],"wp:attachment":[{"href":"https:\/\/www.ciencianews.com.br\/index.php\/wp-json\/wp\/v2\/media?parent=4488"}],"wp:term":[{"taxonomy":"category","embeddable":true,"href":"https:\/\/www.ciencianews.com.br\/index.php\/wp-json\/wp\/v2\/categories?post=4488"},{"taxonomy":"post_tag","embeddable":true,"href":"https:\/\/www.ciencianews.com.br\/index.php\/wp-json\/wp\/v2\/tags?post=4488"}],"curies":[{"name":"wp","href":"https:\/\/api.w.org\/{rel}","templated":true}]}}